{"id":74,"date":"2017-09-21T19:34:53","date_gmt":"2017-09-21T18:34:53","guid":{"rendered":"http:\/\/www.pilon-architecture.fr\/?p=74"},"modified":"2018-05-16T16:31:12","modified_gmt":"2018-05-16T15:31:12","slug":"contact","status":"publish","type":"post","link":"https:\/\/www.pilon-architecture.fr\/?p=74","title":{"rendered":"Agence"},"content":{"rendered":"<div style=\"background-repeat: no-repeat;background-color: #FFFFFF;\">\n<p id=\"yui_3_13_0_ym1_6_1388680133546_28\" style=\"text-align: justify;\">L&rsquo;agence <strong>PILON Architecture<\/strong> est une jeune agence.<\/p>\n<p id=\"yui_3_13_0_ym1_6_1388680133546_60\" style=\"text-align: justify;\">Orient\u00e9e vers l&rsquo;intervention <strong>en milieu rural<\/strong> (r\u00e9habilitation, &lsquo;urbanisme rural&rsquo;, projets d&rsquo;architecture contemporaine valorisant les ressources locales, en commandes priv\u00e9es et publiques), l&rsquo;agence explore et questionne \u00e9galement l&rsquo;am\u00e9nagement des <strong>territoires<\/strong> et la construction en <strong>sites contraints<\/strong> (g\u00e9ographie difficile, fort enjeu paysager, sites d&rsquo;altitude).<\/p>\n<p id=\"yui_3_13_0_ym1_1_1388680133546_4017\" style=\"text-align: justify;\">Dirig\u00e9e par <strong>Violaine Pilon<\/strong>, architecte DE-HMONP et <strong>C\u00e9line Pilon<\/strong>, architecte DE, l&rsquo;agence fonde son travail sur la complicit\u00e9 des <strong>deux profils<\/strong> dont la compl\u00e9mentarit\u00e9 esquisse une <strong>architecture raisonn\u00e9e et sensible<\/strong> o\u00f9 le lieu, fort de sa singularit\u00e9, inspire et nourrit le projet.<span style=\"color: #ffffff;\"><strong id=\"yui_3_13_0_ym1_1_1388680133546_4089\"><br \/>\n<\/strong><\/span><\/p>\n<p id=\"yui_3_13_0_ym1_6_1388680133546_96\" style=\"text-align: justify;\"><strong id=\"yui_3_13_0_ym1_1_1388680133546_4089\">\u00a0<\/strong><\/p>\n<p style=\"text-align: justify;\"><strong>Violaine Pilon\u00a0<\/strong><\/p>\n<p style=\"text-align: justify;\">Architecte DE-HMONP, dipl\u00f4m\u00e9e de l\u2019Ecole Nationale Sup\u00e9rieure d\u2019Architecture de Saint-Etienne en 2009.<\/p>\n<p style=\"text-align: justify;\"><strong>C<\/strong><strong>\u00e9line Pilon\u00a0<\/strong><\/p>\n<p style=\"text-align: justify;\">Architecte DE, dipl\u00f4m\u00e9e de l&rsquo;Ecole Nationale Sup\u00e9rieure d&rsquo;Architecture de Grenoble<strong id=\"yui_3_13_0_ym1_6_1388680133546_37\"> <\/strong>en 2012.<\/p>\n<style type=\"text\/css\">\n\t#foogallery-gallery-417 .fg-image {\n        width: 100px;\n    }\n<\/style>\n<div class=\"foogallery foogallery-container foogallery-default foogallery-lightbox-foobox fg-gutter-10 fg-center fg-default fg-light fg-border-thin fg-shadow-outline fg-loading-default fg-loaded-fade-in fg-caption-hover fg-hover-fade fg-hover-zoom fg-ready\" id=\"foogallery-gallery-417\" data-foogallery=\"{&quot;item&quot;:{&quot;showCaptionTitle&quot;:true,&quot;showCaptionDescription&quot;:true},&quot;lazy&quot;:true}\" >\n<div class=\"fg-item fg-type-image fg-idle\">\n<figure class=\"fg-item-inner\"><a href=\"https:\/\/www.pilon-architecture.fr\/wp-content\/uploads\/2018\/05\/CE-3.jpg\" data-caption-desc=\"C\u00e9line\" data-attachment-id=\"424\" class=\"fg-thumb\"><span class=\"fg-image-wrap\"><img width=\"100\" height=\"100\" class=\"skip-lazy fg-image\" data-src-fg=\"https:\/\/www.pilon-architecture.fr\/wp-content\/uploads\/cache\/2018\/05\/CE-3\/1976334979.jpg\" src=\"data:image\/svg+xml,%3Csvg%20xmlns%3D%22http%3A%2F%2Fwww.w3.org%2F2000%2Fsvg%22%20width%3D%22100%22%20height%3D%22100%22%20viewBox%3D%220%200%20100%20100%22%3E%3C%2Fsvg%3E\" loading=\"eager\"><\/span><span class=\"fg-image-overlay\"><\/span><\/a><figcaption class=\"fg-caption\">\n<div class=\"fg-caption-inner\">\n<div class=\"fg-caption-desc\">C\u00e9line<\/div>\n<\/div>\n<\/figcaption><\/figure>\n<div class=\"fg-loader\"><\/div>\n<\/div>\n<div class=\"fg-item fg-type-image fg-idle\">\n<figure class=\"fg-item-inner\"><a href=\"https:\/\/www.pilon-architecture.fr\/wp-content\/uploads\/2018\/05\/A0021.jpg\" data-caption-desc=\"Violaine\" data-attachment-id=\"415\" class=\"fg-thumb\"><span class=\"fg-image-wrap\"><img width=\"100\" height=\"100\" class=\"skip-lazy fg-image\" data-src-fg=\"https:\/\/www.pilon-architecture.fr\/wp-content\/uploads\/cache\/2018\/05\/A0021\/2688461210.jpg\" src=\"data:image\/svg+xml,%3Csvg%20xmlns%3D%22http%3A%2F%2Fwww.w3.org%2F2000%2Fsvg%22%20width%3D%22100%22%20height%3D%22100%22%20viewBox%3D%220%200%20100%20100%22%3E%3C%2Fsvg%3E\" loading=\"eager\"><\/span><span class=\"fg-image-overlay\"><\/span><\/a><figcaption class=\"fg-caption\">\n<div class=\"fg-caption-inner\">\n<div class=\"fg-caption-desc\">Violaine<\/div>\n<\/div>\n<\/figcaption><\/figure>\n<div class=\"fg-loader\"><\/div>\n<\/div>\n<\/div>\n<\/div>\n","protected":false},"excerpt":{"rendered":"<p>L&rsquo;agence PILON Architecture est une jeune agence. Orient\u00e9e vers l&rsquo;intervention en milieu rural (r\u00e9habilitation, &lsquo;urbanisme rural&rsquo;, projets d&rsquo;architecture contemporaine valorisant les ressources locales, en commandes priv\u00e9es et publiques), l&rsquo;agence explore et questionne \u00e9galement l&rsquo;am\u00e9nagement des territoires et la construction en sites contraints (g\u00e9ographie difficile, fort enjeu paysager, sites d&rsquo;altitude). Dirig\u00e9e par Violaine Pilon, architecte DE-HMONP [&hellip;]<\/p>\n","protected":false},"author":1,"featured_media":0,"comment_status":"closed","ping_status":"closed","sticky":false,"template":"","format":"standard","meta":{"footnotes":""},"categories":[1],"tags":[],"_links":{"self":[{"href":"https:\/\/www.pilon-architecture.fr\/index.php?rest_route=\/wp\/v2\/posts\/74"}],"collection":[{"href":"https:\/\/www.pilon-architecture.fr\/index.php?rest_route=\/wp\/v2\/posts"}],"about":[{"href":"https:\/\/www.pilon-architecture.fr\/index.php?rest_route=\/wp\/v2\/types\/post"}],"author":[{"embeddable":true,"href":"https:\/\/www.pilon-architecture.fr\/index.php?rest_route=\/wp\/v2\/users\/1"}],"replies":[{"embeddable":true,"href":"https:\/\/www.pilon-architecture.fr\/index.php?rest_route=%2Fwp%2Fv2%2Fcomments&post=74"}],"version-history":[{"count":35,"href":"https:\/\/www.pilon-architecture.fr\/index.php?rest_route=\/wp\/v2\/posts\/74\/revisions"}],"predecessor-version":[{"id":423,"href":"https:\/\/www.pilon-architecture.fr\/index.php?rest_route=\/wp\/v2\/posts\/74\/revisions\/423"}],"wp:attachment":[{"href":"https:\/\/www.pilon-architecture.fr\/index.php?rest_route=%2Fwp%2Fv2%2Fmedia&parent=74"}],"wp:term":[{"taxonomy":"category","embeddable":true,"href":"https:\/\/www.pilon-architecture.fr\/index.php?rest_route=%2Fwp%2Fv2%2Fcategories&post=74"},{"taxonomy":"post_tag","embeddable":true,"href":"https:\/\/www.pilon-architecture.fr\/index.php?rest_route=%2Fwp%2Fv2%2Ftags&post=74"}],"curies":[{"name":"wp","href":"https:\/\/api.w.org\/{rel}","templated":true}]}}