{"id":329,"date":"2017-09-21T19:33:44","date_gmt":"2017-09-21T18:33:44","guid":{"rendered":"http:\/\/www.pilon-architecture.fr\/?p=329"},"modified":"2026-01-19T17:10:56","modified_gmt":"2026-01-19T16:10:56","slug":"actualite","status":"publish","type":"post","link":"https:\/\/www.pilon-architecture.fr\/?p=329","title":{"rendered":"Actualit\u00e9"},"content":{"rendered":"<div style=\"background-repeat: no-repeat;background-color: #FFFFFF;\">Janvier 2026<\/p>\n<p>Prochainement, pose de l&rsquo;\u00e9pi du pigeonnier du Sauzey<\/p>\n<style type=\"text\/css\">\n\t#foogallery-gallery-564 .fg-image {\n        width: 150px;\n    }\n<\/style>\n<div class=\"foogallery foogallery-container foogallery-default foogallery-lightbox-foobox fg-gutter-10 fg-center fg-default fg-light fg-border-thin fg-shadow-outline fg-loading-default fg-loaded-fade-in fg-caption-hover fg-hover-fade fg-hover-zoom fg-ready\" id=\"foogallery-gallery-564\" data-foogallery=\"{&quot;item&quot;:{&quot;showCaptionTitle&quot;:true,&quot;showCaptionDescription&quot;:true},&quot;lazy&quot;:true}\" >\n<div class=\"fg-item fg-type-image fg-idle\">\n<figure class=\"fg-item-inner\"><a href=\"https:\/\/www.pilon-architecture.fr\/wp-content\/uploads\/2026\/01\/P1210690-scaled.jpg\" data-attachment-id=\"565\" class=\"fg-thumb\"><span class=\"fg-image-wrap\"><img width=\"150\" height=\"150\" class=\"skip-lazy fg-image\" data-src-fg=\"https:\/\/www.pilon-architecture.fr\/wp-content\/uploads\/cache\/2026\/01\/P1210690-scaled\/4274653148.jpg\" src=\"data:image\/svg+xml,%3Csvg%20xmlns%3D%22http%3A%2F%2Fwww.w3.org%2F2000%2Fsvg%22%20width%3D%22150%22%20height%3D%22150%22%20viewBox%3D%220%200%20150%20150%22%3E%3C%2Fsvg%3E\" loading=\"eager\"><\/span><span class=\"fg-image-overlay\"><\/span><\/a><figcaption class=\"fg-caption\">\n<div class=\"fg-caption-inner\"><\/div>\n<\/figcaption><\/figure>\n<div class=\"fg-loader\"><\/div>\n<\/div>\n<div class=\"fg-item fg-type-image fg-idle\">\n<figure class=\"fg-item-inner\"><a href=\"https:\/\/www.pilon-architecture.fr\/wp-content\/uploads\/2026\/01\/P1220225-scaled.jpg\" data-attachment-id=\"566\" class=\"fg-thumb\"><span class=\"fg-image-wrap\"><img width=\"150\" height=\"150\" class=\"skip-lazy fg-image\" data-src-fg=\"https:\/\/www.pilon-architecture.fr\/wp-content\/uploads\/cache\/2026\/01\/P1220225-scaled\/910860199.jpg\" src=\"data:image\/svg+xml,%3Csvg%20xmlns%3D%22http%3A%2F%2Fwww.w3.org%2F2000%2Fsvg%22%20width%3D%22150%22%20height%3D%22150%22%20viewBox%3D%220%200%20150%20150%22%3E%3C%2Fsvg%3E\" loading=\"eager\"><\/span><span class=\"fg-image-overlay\"><\/span><\/a><figcaption class=\"fg-caption\">\n<div class=\"fg-caption-inner\"><\/div>\n<\/figcaption><\/figure>\n<div class=\"fg-loader\"><\/div>\n<\/div>\n<div class=\"fg-item fg-type-image fg-idle\">\n<figure class=\"fg-item-inner\"><a href=\"https:\/\/www.pilon-architecture.fr\/wp-content\/uploads\/2026\/01\/P2-Pigeonnier-scaled.jpg\" data-attachment-id=\"567\" class=\"fg-thumb\"><span class=\"fg-image-wrap\"><img width=\"150\" height=\"150\" class=\"skip-lazy fg-image\" data-src-fg=\"https:\/\/www.pilon-architecture.fr\/wp-content\/uploads\/cache\/2026\/01\/P2-Pigeonnier-scaled\/3660147271.jpg\" src=\"data:image\/svg+xml,%3Csvg%20xmlns%3D%22http%3A%2F%2Fwww.w3.org%2F2000%2Fsvg%22%20width%3D%22150%22%20height%3D%22150%22%20viewBox%3D%220%200%20150%20150%22%3E%3C%2Fsvg%3E\" loading=\"eager\"><\/span><span class=\"fg-image-overlay\"><\/span><\/a><figcaption class=\"fg-caption\">\n<div class=\"fg-caption-inner\"><\/div>\n<\/figcaption><\/figure>\n<div class=\"fg-loader\"><\/div>\n<\/div>\n<\/div>\n<p>Septembre 2025<\/p>\n<style type=\"text\/css\">\n\t#foogallery-gallery-560 .fg-image {\n        width: 150px;\n    }\n<\/style>\n<div class=\"foogallery foogallery-container foogallery-default foogallery-lightbox-foobox fg-gutter-10 fg-center fg-default fg-light fg-border-thin fg-shadow-outline fg-loading-default fg-loaded-fade-in fg-caption-hover fg-hover-fade fg-hover-zoom fg-ready\" id=\"foogallery-gallery-560\" data-foogallery=\"{&quot;item&quot;:{&quot;showCaptionTitle&quot;:true,&quot;showCaptionDescription&quot;:true},&quot;lazy&quot;:true}\" >\n<div class=\"fg-item fg-type-image fg-idle\">\n<figure class=\"fg-item-inner\"><a href=\"https:\/\/www.pilon-architecture.fr\/wp-content\/uploads\/2026\/01\/P1220267-scaled.jpg\" data-attachment-id=\"561\" class=\"fg-thumb\"><span class=\"fg-image-wrap\"><img width=\"150\" height=\"150\" class=\"skip-lazy fg-image\" data-src-fg=\"https:\/\/www.pilon-architecture.fr\/wp-content\/uploads\/cache\/2026\/01\/P1220267-scaled\/2433128106.jpg\" src=\"data:image\/svg+xml,%3Csvg%20xmlns%3D%22http%3A%2F%2Fwww.w3.org%2F2000%2Fsvg%22%20width%3D%22150%22%20height%3D%22150%22%20viewBox%3D%220%200%20150%20150%22%3E%3C%2Fsvg%3E\" loading=\"eager\"><\/span><span class=\"fg-image-overlay\"><\/span><\/a><figcaption class=\"fg-caption\">\n<div class=\"fg-caption-inner\"><\/div>\n<\/figcaption><\/figure>\n<div class=\"fg-loader\"><\/div>\n<\/div>\n<\/div>\n<p>Inauguration de l&rsquo;\u00e9picerie communale de Ch\u00e9nelette et de deux logements<\/p>\n<p>Septembre 2024<\/p>\n<p>Inauguration des logements cr\u00e9\u00e9s dans l&rsquo;ancienne Maison d&rsquo;Asile de Maison-Dieu \u00e0 Losne<\/p>\n<style type=\"text\/css\">\n\t#foogallery-gallery-551 .fg-image {\n        width: 150px;\n    }\n<\/style>\n<div class=\"foogallery foogallery-container foogallery-default foogallery-lightbox-foobox fg-gutter-10 fg-center fg-default fg-light fg-border-thin fg-shadow-outline fg-loading-default fg-loaded-fade-in fg-caption-hover fg-hover-fade fg-hover-zoom fg-ready\" id=\"foogallery-gallery-551\" data-foogallery=\"{&quot;item&quot;:{&quot;showCaptionTitle&quot;:true,&quot;showCaptionDescription&quot;:true},&quot;lazy&quot;:true}\" >\n<div class=\"fg-item fg-type-image fg-idle\">\n<figure class=\"fg-item-inner\"><a href=\"https:\/\/www.pilon-architecture.fr\/wp-content\/uploads\/2026\/01\/IMG_1215-scaled.jpg\" data-attachment-id=\"552\" class=\"fg-thumb\"><span class=\"fg-image-wrap\"><img width=\"150\" height=\"150\" class=\"skip-lazy fg-image\" data-src-fg=\"https:\/\/www.pilon-architecture.fr\/wp-content\/uploads\/cache\/2026\/01\/IMG_1215-scaled\/3847847867.jpg\" src=\"data:image\/svg+xml,%3Csvg%20xmlns%3D%22http%3A%2F%2Fwww.w3.org%2F2000%2Fsvg%22%20width%3D%22150%22%20height%3D%22150%22%20viewBox%3D%220%200%20150%20150%22%3E%3C%2Fsvg%3E\" loading=\"eager\"><\/span><span class=\"fg-image-overlay\"><\/span><\/a><figcaption class=\"fg-caption\">\n<div class=\"fg-caption-inner\"><\/div>\n<\/figcaption><\/figure>\n<div class=\"fg-loader\"><\/div>\n<\/div>\n<div class=\"fg-item fg-type-image fg-idle\">\n<figure class=\"fg-item-inner\"><a href=\"https:\/\/www.pilon-architecture.fr\/wp-content\/uploads\/2026\/01\/P1210045-scaled.jpg\" data-attachment-id=\"554\" class=\"fg-thumb\"><span class=\"fg-image-wrap\"><img width=\"150\" height=\"150\" class=\"skip-lazy fg-image\" data-src-fg=\"https:\/\/www.pilon-architecture.fr\/wp-content\/uploads\/cache\/2026\/01\/P1210045-scaled\/1149805785.jpg\" src=\"data:image\/svg+xml,%3Csvg%20xmlns%3D%22http%3A%2F%2Fwww.w3.org%2F2000%2Fsvg%22%20width%3D%22150%22%20height%3D%22150%22%20viewBox%3D%220%200%20150%20150%22%3E%3C%2Fsvg%3E\" loading=\"eager\"><\/span><span class=\"fg-image-overlay\"><\/span><\/a><figcaption class=\"fg-caption\">\n<div class=\"fg-caption-inner\"><\/div>\n<\/figcaption><\/figure>\n<div class=\"fg-loader\"><\/div>\n<\/div>\n<div class=\"fg-item fg-type-image fg-idle\">\n<figure class=\"fg-item-inner\"><a href=\"https:\/\/www.pilon-architecture.fr\/wp-content\/uploads\/2026\/01\/P4-Losne-scaled.jpg\" data-attachment-id=\"557\" class=\"fg-thumb\"><span class=\"fg-image-wrap\"><img width=\"150\" height=\"150\" class=\"skip-lazy fg-image\" data-src-fg=\"https:\/\/www.pilon-architecture.fr\/wp-content\/uploads\/cache\/2026\/01\/P4-Losne-scaled\/3043706304.jpg\" src=\"data:image\/svg+xml,%3Csvg%20xmlns%3D%22http%3A%2F%2Fwww.w3.org%2F2000%2Fsvg%22%20width%3D%22150%22%20height%3D%22150%22%20viewBox%3D%220%200%20150%20150%22%3E%3C%2Fsvg%3E\" loading=\"eager\"><\/span><span class=\"fg-image-overlay\"><\/span><\/a><figcaption class=\"fg-caption\">\n<div class=\"fg-caption-inner\"><\/div>\n<\/figcaption><\/figure>\n<div class=\"fg-loader\"><\/div>\n<\/div>\n<\/div>\n<p>Ao\u00fbt 2023<\/p>\n<p>Chantier en site isol\u00e9 d&rsquo;altitude<\/p>\n<p>Cabane\u00a0de\u00a0Vallonpierre &#8211; La-Chapelle-en-Valgaudemar<\/p>\n<style type=\"text\/css\">\n\t#foogallery-gallery-537 .fg-image {\n        width: 150px;\n    }\n<\/style>\n<div class=\"foogallery foogallery-container foogallery-default foogallery-lightbox-foobox fg-gutter-10 fg-center fg-default fg-light fg-border-thin fg-shadow-outline fg-loading-default fg-loaded-fade-in fg-caption-hover fg-hover-fade fg-hover-zoom fg-ready\" id=\"foogallery-gallery-537\" data-foogallery=\"{&quot;item&quot;:{&quot;showCaptionTitle&quot;:true,&quot;showCaptionDescription&quot;:true},&quot;lazy&quot;:true}\" >\n<div class=\"fg-item fg-type-image fg-idle\">\n<figure class=\"fg-item-inner\"><a href=\"https:\/\/www.pilon-architecture.fr\/wp-content\/uploads\/2023\/10\/P1190797.jpg\" data-attachment-id=\"539\" class=\"fg-thumb\"><span class=\"fg-image-wrap\"><img width=\"150\" height=\"150\" class=\"skip-lazy fg-image\" data-src-fg=\"https:\/\/www.pilon-architecture.fr\/wp-content\/uploads\/cache\/2023\/10\/P1190797\/1476745879.jpg\" src=\"data:image\/svg+xml,%3Csvg%20xmlns%3D%22http%3A%2F%2Fwww.w3.org%2F2000%2Fsvg%22%20width%3D%22150%22%20height%3D%22150%22%20viewBox%3D%220%200%20150%20150%22%3E%3C%2Fsvg%3E\" loading=\"eager\"><\/span><span class=\"fg-image-overlay\"><\/span><\/a><figcaption class=\"fg-caption\">\n<div class=\"fg-caption-inner\"><\/div>\n<\/figcaption><\/figure>\n<div class=\"fg-loader\"><\/div>\n<\/div>\n<div class=\"fg-item fg-type-image fg-idle\">\n<figure class=\"fg-item-inner\"><a href=\"https:\/\/www.pilon-architecture.fr\/wp-content\/uploads\/2023\/10\/P1190723.jpg\" data-attachment-id=\"538\" class=\"fg-thumb\"><span class=\"fg-image-wrap\"><img width=\"150\" height=\"150\" class=\"skip-lazy fg-image\" data-src-fg=\"https:\/\/www.pilon-architecture.fr\/wp-content\/uploads\/cache\/2023\/10\/P1190723\/1764374584.jpg\" src=\"data:image\/svg+xml,%3Csvg%20xmlns%3D%22http%3A%2F%2Fwww.w3.org%2F2000%2Fsvg%22%20width%3D%22150%22%20height%3D%22150%22%20viewBox%3D%220%200%20150%20150%22%3E%3C%2Fsvg%3E\" loading=\"eager\"><\/span><span class=\"fg-image-overlay\"><\/span><\/a><figcaption class=\"fg-caption\">\n<div class=\"fg-caption-inner\"><\/div>\n<\/figcaption><\/figure>\n<div class=\"fg-loader\"><\/div>\n<\/div>\n<div class=\"fg-item fg-type-image fg-idle\">\n<figure class=\"fg-item-inner\"><a href=\"https:\/\/www.pilon-architecture.fr\/wp-content\/uploads\/2023\/10\/P1190818.jpg\" data-attachment-id=\"540\" class=\"fg-thumb\"><span class=\"fg-image-wrap\"><img width=\"150\" height=\"150\" class=\"skip-lazy fg-image\" data-src-fg=\"https:\/\/www.pilon-architecture.fr\/wp-content\/uploads\/cache\/2023\/10\/P1190818\/1527740484.jpg\" src=\"data:image\/svg+xml,%3Csvg%20xmlns%3D%22http%3A%2F%2Fwww.w3.org%2F2000%2Fsvg%22%20width%3D%22150%22%20height%3D%22150%22%20viewBox%3D%220%200%20150%20150%22%3E%3C%2Fsvg%3E\" loading=\"eager\"><\/span><span class=\"fg-image-overlay\"><\/span><\/a><figcaption class=\"fg-caption\">\n<div class=\"fg-caption-inner\"><\/div>\n<\/figcaption><\/figure>\n<div class=\"fg-loader\"><\/div>\n<\/div>\n<div class=\"fg-item fg-type-image fg-idle\">\n<figure class=\"fg-item-inner\"><a href=\"https:\/\/www.pilon-architecture.fr\/wp-content\/uploads\/2023\/10\/P1190833.jpg\" data-attachment-id=\"541\" class=\"fg-thumb\"><span class=\"fg-image-wrap\"><img width=\"150\" height=\"150\" class=\"skip-lazy fg-image\" data-src-fg=\"https:\/\/www.pilon-architecture.fr\/wp-content\/uploads\/cache\/2023\/10\/P1190833\/530824732.jpg\" src=\"data:image\/svg+xml,%3Csvg%20xmlns%3D%22http%3A%2F%2Fwww.w3.org%2F2000%2Fsvg%22%20width%3D%22150%22%20height%3D%22150%22%20viewBox%3D%220%200%20150%20150%22%3E%3C%2Fsvg%3E\" loading=\"eager\"><\/span><span class=\"fg-image-overlay\"><\/span><\/a><figcaption class=\"fg-caption\">\n<div class=\"fg-caption-inner\"><\/div>\n<\/figcaption><\/figure>\n<div class=\"fg-loader\"><\/div>\n<\/div>\n<div class=\"fg-item fg-type-image fg-idle\">\n<figure class=\"fg-item-inner\"><a href=\"https:\/\/www.pilon-architecture.fr\/wp-content\/uploads\/2023\/10\/P1190886.jpg\" data-attachment-id=\"542\" class=\"fg-thumb\"><span class=\"fg-image-wrap\"><img width=\"150\" height=\"150\" class=\"skip-lazy fg-image\" data-src-fg=\"https:\/\/www.pilon-architecture.fr\/wp-content\/uploads\/cache\/2023\/10\/P1190886\/2353477949.jpg\" src=\"data:image\/svg+xml,%3Csvg%20xmlns%3D%22http%3A%2F%2Fwww.w3.org%2F2000%2Fsvg%22%20width%3D%22150%22%20height%3D%22150%22%20viewBox%3D%220%200%20150%20150%22%3E%3C%2Fsvg%3E\" loading=\"eager\"><\/span><span class=\"fg-image-overlay\"><\/span><\/a><figcaption class=\"fg-caption\">\n<div class=\"fg-caption-inner\"><\/div>\n<\/figcaption><\/figure>\n<div class=\"fg-loader\"><\/div>\n<\/div>\n<\/div>\n<p>Juin\u00a02023<\/p>\n<p>Chantier en site isol\u00e9 d&rsquo;altitude<\/p>\n<p>Cabane\u00a0des Clots &#8211;\u00a0Freissini\u00e8res<\/p>\n<style type=\"text\/css\">\n\t#foogallery-gallery-527 .fg-image {\n        width: 150px;\n    }\n<\/style>\n<div class=\"foogallery foogallery-container foogallery-default foogallery-lightbox-foobox fg-gutter-10 fg-center fg-default fg-light fg-border-thin fg-shadow-outline fg-loading-default fg-loaded-fade-in fg-caption-hover fg-hover-fade fg-hover-zoom fg-ready\" id=\"foogallery-gallery-527\" data-foogallery=\"{&quot;item&quot;:{&quot;showCaptionTitle&quot;:true,&quot;showCaptionDescription&quot;:true},&quot;lazy&quot;:true}\" >\n<div class=\"fg-item fg-type-image fg-idle\">\n<figure class=\"fg-item-inner\"><a href=\"https:\/\/www.pilon-architecture.fr\/wp-content\/uploads\/2023\/10\/P1190601.jpg\" data-attachment-id=\"534\" class=\"fg-thumb\"><span class=\"fg-image-wrap\"><img width=\"150\" height=\"150\" class=\"skip-lazy fg-image\" data-src-fg=\"https:\/\/www.pilon-architecture.fr\/wp-content\/uploads\/cache\/2023\/10\/P1190601\/1237602754.jpg\" src=\"data:image\/svg+xml,%3Csvg%20xmlns%3D%22http%3A%2F%2Fwww.w3.org%2F2000%2Fsvg%22%20width%3D%22150%22%20height%3D%22150%22%20viewBox%3D%220%200%20150%20150%22%3E%3C%2Fsvg%3E\" loading=\"eager\"><\/span><span class=\"fg-image-overlay\"><\/span><\/a><figcaption class=\"fg-caption\">\n<div class=\"fg-caption-inner\"><\/div>\n<\/figcaption><\/figure>\n<div class=\"fg-loader\"><\/div>\n<\/div>\n<div class=\"fg-item fg-type-image fg-idle\">\n<figure class=\"fg-item-inner\"><a href=\"https:\/\/www.pilon-architecture.fr\/wp-content\/uploads\/2023\/10\/P1190504.jpg\" data-attachment-id=\"531\" class=\"fg-thumb\"><span class=\"fg-image-wrap\"><img width=\"150\" height=\"150\" class=\"skip-lazy fg-image\" data-src-fg=\"https:\/\/www.pilon-architecture.fr\/wp-content\/uploads\/cache\/2023\/10\/P1190504\/31513613.jpg\" src=\"data:image\/svg+xml,%3Csvg%20xmlns%3D%22http%3A%2F%2Fwww.w3.org%2F2000%2Fsvg%22%20width%3D%22150%22%20height%3D%22150%22%20viewBox%3D%220%200%20150%20150%22%3E%3C%2Fsvg%3E\" loading=\"eager\"><\/span><span class=\"fg-image-overlay\"><\/span><\/a><figcaption class=\"fg-caption\">\n<div class=\"fg-caption-inner\"><\/div>\n<\/figcaption><\/figure>\n<div class=\"fg-loader\"><\/div>\n<\/div>\n<div class=\"fg-item fg-type-image fg-idle\">\n<figure class=\"fg-item-inner\"><a href=\"https:\/\/www.pilon-architecture.fr\/wp-content\/uploads\/2023\/10\/image00073.jpeg\" data-attachment-id=\"528\" class=\"fg-thumb\"><span class=\"fg-image-wrap\"><img width=\"150\" height=\"150\" class=\"skip-lazy fg-image\" data-src-fg=\"https:\/\/www.pilon-architecture.fr\/wp-content\/uploads\/cache\/2023\/10\/image00073\/3963823171.jpeg\" src=\"data:image\/svg+xml,%3Csvg%20xmlns%3D%22http%3A%2F%2Fwww.w3.org%2F2000%2Fsvg%22%20width%3D%22150%22%20height%3D%22150%22%20viewBox%3D%220%200%20150%20150%22%3E%3C%2Fsvg%3E\" loading=\"eager\"><\/span><span class=\"fg-image-overlay\"><\/span><\/a><figcaption class=\"fg-caption\">\n<div class=\"fg-caption-inner\"><\/div>\n<\/figcaption><\/figure>\n<div class=\"fg-loader\"><\/div>\n<\/div>\n<div class=\"fg-item fg-type-image fg-idle\">\n<figure class=\"fg-item-inner\"><a href=\"https:\/\/www.pilon-architecture.fr\/wp-content\/uploads\/2023\/10\/P1190584.jpg\" data-attachment-id=\"533\" class=\"fg-thumb\"><span class=\"fg-image-wrap\"><img width=\"150\" height=\"150\" class=\"skip-lazy fg-image\" data-src-fg=\"https:\/\/www.pilon-architecture.fr\/wp-content\/uploads\/cache\/2023\/10\/P1190584\/3562642181.jpg\" src=\"data:image\/svg+xml,%3Csvg%20xmlns%3D%22http%3A%2F%2Fwww.w3.org%2F2000%2Fsvg%22%20width%3D%22150%22%20height%3D%22150%22%20viewBox%3D%220%200%20150%20150%22%3E%3C%2Fsvg%3E\" loading=\"eager\"><\/span><span class=\"fg-image-overlay\"><\/span><\/a><figcaption class=\"fg-caption\">\n<div class=\"fg-caption-inner\"><\/div>\n<\/figcaption><\/figure>\n<div class=\"fg-loader\"><\/div>\n<\/div>\n<div class=\"fg-item fg-type-image fg-idle\">\n<figure class=\"fg-item-inner\"><a href=\"https:\/\/www.pilon-architecture.fr\/wp-content\/uploads\/2023\/10\/image00108.jpeg\" data-attachment-id=\"529\" class=\"fg-thumb\"><span class=\"fg-image-wrap\"><img width=\"150\" height=\"150\" class=\"skip-lazy fg-image\" data-src-fg=\"https:\/\/www.pilon-architecture.fr\/wp-content\/uploads\/cache\/2023\/10\/image00108\/2721155003.jpeg\" src=\"data:image\/svg+xml,%3Csvg%20xmlns%3D%22http%3A%2F%2Fwww.w3.org%2F2000%2Fsvg%22%20width%3D%22150%22%20height%3D%22150%22%20viewBox%3D%220%200%20150%20150%22%3E%3C%2Fsvg%3E\" loading=\"eager\"><\/span><span class=\"fg-image-overlay\"><\/span><\/a><figcaption class=\"fg-caption\">\n<div class=\"fg-caption-inner\"><\/div>\n<\/figcaption><\/figure>\n<div class=\"fg-loader\"><\/div>\n<\/div>\n<div class=\"fg-item fg-type-image fg-idle\">\n<figure class=\"fg-item-inner\"><a href=\"https:\/\/www.pilon-architecture.fr\/wp-content\/uploads\/2023\/10\/P1190515.jpg\" data-attachment-id=\"532\" class=\"fg-thumb\"><span class=\"fg-image-wrap\"><img width=\"150\" height=\"150\" class=\"skip-lazy fg-image\" data-src-fg=\"https:\/\/www.pilon-architecture.fr\/wp-content\/uploads\/cache\/2023\/10\/P1190515\/2204163912.jpg\" src=\"data:image\/svg+xml,%3Csvg%20xmlns%3D%22http%3A%2F%2Fwww.w3.org%2F2000%2Fsvg%22%20width%3D%22150%22%20height%3D%22150%22%20viewBox%3D%220%200%20150%20150%22%3E%3C%2Fsvg%3E\" loading=\"eager\"><\/span><span class=\"fg-image-overlay\"><\/span><\/a><figcaption class=\"fg-caption\">\n<div class=\"fg-caption-inner\"><\/div>\n<\/figcaption><\/figure>\n<div class=\"fg-loader\"><\/div>\n<\/div>\n<\/div>\n<p>Novembre 2022<\/p>\n<p>Chantier en site isol\u00e9 d&rsquo;altitude<\/p>\n<p>Cabane du Lauzon\u00a0&#8211; La-Chapelle-en-Valgaudemar<\/p>\n<style type=\"text\/css\">\n\t#foogallery-gallery-521 .fg-image {\n        width: 150px;\n    }\n<\/style>\n<div class=\"foogallery foogallery-container foogallery-default foogallery-lightbox-foobox fg-gutter-10 fg-center fg-default fg-light fg-border-thin fg-shadow-outline fg-loading-default fg-loaded-fade-in fg-caption-hover fg-hover-fade fg-hover-zoom fg-ready\" id=\"foogallery-gallery-521\" data-foogallery=\"{&quot;item&quot;:{&quot;showCaptionTitle&quot;:true,&quot;showCaptionDescription&quot;:true},&quot;lazy&quot;:true}\" >\n<div class=\"fg-item fg-type-image fg-idle\">\n<figure class=\"fg-item-inner\"><a href=\"https:\/\/www.pilon-architecture.fr\/wp-content\/uploads\/2023\/10\/P1190947.jpg\" data-attachment-id=\"523\" class=\"fg-thumb\"><span class=\"fg-image-wrap\"><img width=\"150\" height=\"150\" class=\"skip-lazy fg-image\" data-src-fg=\"https:\/\/www.pilon-architecture.fr\/wp-content\/uploads\/cache\/2023\/10\/P1190947\/2443488957.jpg\" src=\"data:image\/svg+xml,%3Csvg%20xmlns%3D%22http%3A%2F%2Fwww.w3.org%2F2000%2Fsvg%22%20width%3D%22150%22%20height%3D%22150%22%20viewBox%3D%220%200%20150%20150%22%3E%3C%2Fsvg%3E\" loading=\"eager\"><\/span><span class=\"fg-image-overlay\"><\/span><\/a><figcaption class=\"fg-caption\">\n<div class=\"fg-caption-inner\"><\/div>\n<\/figcaption><\/figure>\n<div class=\"fg-loader\"><\/div>\n<\/div>\n<div class=\"fg-item fg-type-image fg-idle\">\n<figure class=\"fg-item-inner\"><a href=\"https:\/\/www.pilon-architecture.fr\/wp-content\/uploads\/2023\/10\/P1190954.jpg\" data-attachment-id=\"524\" class=\"fg-thumb\"><span class=\"fg-image-wrap\"><img width=\"150\" height=\"150\" class=\"skip-lazy fg-image\" data-src-fg=\"https:\/\/www.pilon-architecture.fr\/wp-content\/uploads\/cache\/2023\/10\/P1190954\/2378326181.jpg\" src=\"data:image\/svg+xml,%3Csvg%20xmlns%3D%22http%3A%2F%2Fwww.w3.org%2F2000%2Fsvg%22%20width%3D%22150%22%20height%3D%22150%22%20viewBox%3D%220%200%20150%20150%22%3E%3C%2Fsvg%3E\" loading=\"eager\"><\/span><span class=\"fg-image-overlay\"><\/span><\/a><figcaption class=\"fg-caption\">\n<div class=\"fg-caption-inner\"><\/div>\n<\/figcaption><\/figure>\n<div class=\"fg-loader\"><\/div>\n<\/div>\n<div class=\"fg-item fg-type-image fg-idle\">\n<figure class=\"fg-item-inner\"><a href=\"https:\/\/www.pilon-architecture.fr\/wp-content\/uploads\/2023\/10\/P1170103.jpg\" data-attachment-id=\"522\" class=\"fg-thumb\"><span class=\"fg-image-wrap\"><img width=\"150\" height=\"150\" class=\"skip-lazy fg-image\" data-src-fg=\"https:\/\/www.pilon-architecture.fr\/wp-content\/uploads\/cache\/2023\/10\/P1170103\/2245300265.jpg\" src=\"data:image\/svg+xml,%3Csvg%20xmlns%3D%22http%3A%2F%2Fwww.w3.org%2F2000%2Fsvg%22%20width%3D%22150%22%20height%3D%22150%22%20viewBox%3D%220%200%20150%20150%22%3E%3C%2Fsvg%3E\" loading=\"eager\"><\/span><span class=\"fg-image-overlay\"><\/span><\/a><figcaption class=\"fg-caption\">\n<div class=\"fg-caption-inner\"><\/div>\n<\/figcaption><\/figure>\n<div class=\"fg-loader\"><\/div>\n<\/div>\n<\/div>\n<p>22 septembre 2022<\/p>\n<p>Inauguration de la mini-cr\u00e8che de Claveisolles<\/p>\n<style type=\"text\/css\">\n\t#foogallery-gallery-507 .fg-image {\n        width: 120px;\n    }\n<\/style>\n<div class=\"foogallery foogallery-container foogallery-default foogallery-lightbox-foobox fg-gutter-10 fg-center fg-default fg-light fg-border-thin fg-shadow-outline fg-loading-default fg-loaded-fade-in fg-caption-hover fg-hover-fade fg-hover-zoom fg-ready\" id=\"foogallery-gallery-507\" data-foogallery=\"{&quot;item&quot;:{&quot;showCaptionTitle&quot;:true,&quot;showCaptionDescription&quot;:true},&quot;lazy&quot;:true,&quot;paging&quot;:{&quot;type&quot;:&quot;dots&quot;,&quot;theme&quot;:&quot;fg-light&quot;,&quot;size&quot;:20,&quot;position&quot;:&quot;both&quot;,&quot;scrollToTop&quot;:true,&quot;output&quot;:&quot;&quot;}}\" >\n<div class=\"fg-item fg-type-image fg-idle\">\n<figure class=\"fg-item-inner\"><a href=\"https:\/\/www.pilon-architecture.fr\/wp-content\/uploads\/2023\/10\/Cr\u00e8cheClaveisolles-08-PilonArchitecture.jpg\" data-attachment-id=\"505\" class=\"fg-thumb\"><span class=\"fg-image-wrap\"><img width=\"120\" height=\"120\" class=\"skip-lazy fg-image\" data-src-fg=\"https:\/\/www.pilon-architecture.fr\/wp-content\/uploads\/cache\/2023\/10\/Cr\u00e8cheClaveisolles-08-PilonArchitecture\/228017936.jpg\" data-srcset-fg=\"https:\/\/www.pilon-architecture.fr\/wp-content\/uploads\/cache\/2023\/10\/Cr\u00e8cheClaveisolles-08-PilonArchitecture\/3524411485.jpg 4x\" src=\"data:image\/svg+xml,%3Csvg%20xmlns%3D%22http%3A%2F%2Fwww.w3.org%2F2000%2Fsvg%22%20width%3D%22120%22%20height%3D%22120%22%20viewBox%3D%220%200%20120%20120%22%3E%3C%2Fsvg%3E\" loading=\"eager\"><\/span><span class=\"fg-image-overlay\"><\/span><\/a><figcaption class=\"fg-caption\">\n<div class=\"fg-caption-inner\"><\/div>\n<\/figcaption><\/figure>\n<div class=\"fg-loader\"><\/div>\n<\/div>\n<div class=\"fg-item fg-type-image fg-idle\">\n<figure class=\"fg-item-inner\"><a href=\"https:\/\/www.pilon-architecture.fr\/wp-content\/uploads\/2023\/10\/Cr\u00e8cheClaveisolles-05-PilonArchitecture.jpg\" data-attachment-id=\"504\" class=\"fg-thumb\"><span class=\"fg-image-wrap\"><img width=\"120\" height=\"120\" class=\"skip-lazy fg-image\" data-src-fg=\"https:\/\/www.pilon-architecture.fr\/wp-content\/uploads\/cache\/2023\/10\/Cr\u00e8cheClaveisolles-05-PilonArchitecture\/1250413721.jpg\" data-srcset-fg=\"https:\/\/www.pilon-architecture.fr\/wp-content\/uploads\/cache\/2023\/10\/Cr\u00e8cheClaveisolles-05-PilonArchitecture\/2499988436.jpg 4x\" src=\"data:image\/svg+xml,%3Csvg%20xmlns%3D%22http%3A%2F%2Fwww.w3.org%2F2000%2Fsvg%22%20width%3D%22120%22%20height%3D%22120%22%20viewBox%3D%220%200%20120%20120%22%3E%3C%2Fsvg%3E\" loading=\"eager\"><\/span><span class=\"fg-image-overlay\"><\/span><\/a><figcaption class=\"fg-caption\">\n<div class=\"fg-caption-inner\"><\/div>\n<\/figcaption><\/figure>\n<div class=\"fg-loader\"><\/div>\n<\/div>\n<div class=\"fg-item fg-type-image fg-idle\">\n<figure class=\"fg-item-inner\"><a href=\"https:\/\/www.pilon-architecture.fr\/wp-content\/uploads\/2023\/10\/P1180277.jpg\" data-attachment-id=\"503\" class=\"fg-thumb\"><span class=\"fg-image-wrap\"><img width=\"120\" height=\"120\" class=\"skip-lazy fg-image\" data-src-fg=\"https:\/\/www.pilon-architecture.fr\/wp-content\/uploads\/cache\/2023\/10\/P1180277\/411969283.jpg\" data-srcset-fg=\"https:\/\/www.pilon-architecture.fr\/wp-content\/uploads\/cache\/2023\/10\/P1180277\/2998620456.jpg 4x\" src=\"data:image\/svg+xml,%3Csvg%20xmlns%3D%22http%3A%2F%2Fwww.w3.org%2F2000%2Fsvg%22%20width%3D%22120%22%20height%3D%22120%22%20viewBox%3D%220%200%20120%20120%22%3E%3C%2Fsvg%3E\" loading=\"eager\"><\/span><span class=\"fg-image-overlay\"><\/span><\/a><figcaption class=\"fg-caption\">\n<div class=\"fg-caption-inner\"><\/div>\n<\/figcaption><\/figure>\n<div class=\"fg-loader\"><\/div>\n<\/div>\n<div class=\"fg-item fg-type-image fg-idle\">\n<figure class=\"fg-item-inner\"><a href=\"https:\/\/www.pilon-architecture.fr\/wp-content\/uploads\/2023\/10\/P1160590.jpg\" data-attachment-id=\"501\" class=\"fg-thumb\"><span class=\"fg-image-wrap\"><img width=\"120\" height=\"120\" class=\"skip-lazy fg-image\" data-src-fg=\"https:\/\/www.pilon-architecture.fr\/wp-content\/uploads\/cache\/2023\/10\/P1160590\/3204831487.jpg\" data-srcset-fg=\"https:\/\/www.pilon-architecture.fr\/wp-content\/uploads\/cache\/2023\/10\/P1160590\/355512020.jpg 4x\" src=\"data:image\/svg+xml,%3Csvg%20xmlns%3D%22http%3A%2F%2Fwww.w3.org%2F2000%2Fsvg%22%20width%3D%22120%22%20height%3D%22120%22%20viewBox%3D%220%200%20120%20120%22%3E%3C%2Fsvg%3E\" loading=\"eager\"><\/span><span class=\"fg-image-overlay\"><\/span><\/a><figcaption class=\"fg-caption\">\n<div class=\"fg-caption-inner\"><\/div>\n<\/figcaption><\/figure>\n<div class=\"fg-loader\"><\/div>\n<\/div>\n<\/div>\n<style type=\"text\/css\">#foogallery-gallery-507 { }<\/style>\n<p>16 septembre 2022<\/p>\n<p>Lancement du chantier de r\u00e9habilitation de la Maison Gouverneyre &#8211; Maison m\u00e9dicale et de commerces<\/p>\n<style type=\"text\/css\">\n\t#foogallery-gallery-494 .fg-image {\n        width: 150px;\n    }\n<\/style>\n<div class=\"foogallery foogallery-container foogallery-default foogallery-lightbox-foobox fg-gutter-10 fg-center fg-default fg-light fg-border-thin fg-shadow-outline fg-loading-default fg-loaded-fade-in fg-caption-hover fg-hover-fade fg-hover-zoom fg-ready\" id=\"foogallery-gallery-494\" data-foogallery=\"{&quot;item&quot;:{&quot;showCaptionTitle&quot;:true,&quot;showCaptionDescription&quot;:true},&quot;lazy&quot;:true}\" >\n<div class=\"fg-item fg-type-image fg-idle\">\n<figure class=\"fg-item-inner\"><a href=\"https:\/\/www.pilon-architecture.fr\/wp-content\/uploads\/2022\/09\/Article-Progr\u00e8s-title-1663695944.jpg\" data-caption-title=\"R\u00e9union de lancement\" data-attachment-id=\"490\" class=\"fg-thumb\"><span class=\"fg-image-wrap\"><img title=\"R\u00e9union de lancement\" width=\"150\" height=\"150\" class=\"skip-lazy fg-image\" data-src-fg=\"https:\/\/www.pilon-architecture.fr\/wp-content\/uploads\/cache\/2022\/09\/Article-Progr\u00e8s-title-1663695944\/505289604.jpg\" src=\"data:image\/svg+xml,%3Csvg%20xmlns%3D%22http%3A%2F%2Fwww.w3.org%2F2000%2Fsvg%22%20width%3D%22150%22%20height%3D%22150%22%20viewBox%3D%220%200%20150%20150%22%3E%3C%2Fsvg%3E\" loading=\"eager\"><\/span><span class=\"fg-image-overlay\"><\/span><\/a><figcaption class=\"fg-caption\">\n<div class=\"fg-caption-inner\">\n<div class=\"fg-caption-title\">R\u00e9union de lancement<\/div>\n<\/div>\n<\/figcaption><\/figure>\n<div class=\"fg-loader\"><\/div>\n<\/div>\n<\/div>\n<p>25 f\u00e9vrier 2022<\/p>\n<p>Pose de la premi\u00e8re pierre de la maison m\u00e9dicale &#8211; Chambost-Alli\u00e8res<\/p>\n<p>22 octobre 2021<\/p>\n<p>Inauguration du local associatif de St-Lager<\/p>\n<p>Du 20 au 22 septembre 2019<\/p>\n<p>Le Petit Bal des Possibles 2 au Quartier M\u00e9tisseur \u00e0 Lamure-sur-Azergues<\/p>\n<p>Installation de l&rsquo;exposition <em>Paysages p\u00e2tur\u00e9s. <\/em><\/p>\n<p>Conception: C\u00e9line Pilon, architecte DE<\/p>\n<style type=\"text\/css\">\n\t#foogallery-gallery-462 .fg-image {\n        width: 150px;\n    }\n<\/style>\n<div class=\"foogallery foogallery-container foogallery-default foogallery-lightbox-foobox fg-gutter-10 fg-center fg-default fg-light fg-border-thin fg-shadow-outline fg-loading-default fg-loaded-fade-in fg-caption-hover fg-hover-fade fg-hover-zoom fg-ready\" id=\"foogallery-gallery-462\" data-foogallery=\"{&quot;item&quot;:{&quot;showCaptionTitle&quot;:true,&quot;showCaptionDescription&quot;:true},&quot;lazy&quot;:true}\" >\n<div class=\"fg-item fg-type-image fg-idle\">\n<figure class=\"fg-item-inner\"><a href=\"http:\/\/quartiermetisseur.strikingly.com\/#agenda-2019\" data-attachment-id=\"461\" class=\"fg-thumb\"><span class=\"fg-image-wrap\"><img width=\"150\" height=\"150\" class=\"skip-lazy fg-image\" data-src-fg=\"https:\/\/www.pilon-architecture.fr\/wp-content\/uploads\/cache\/2019\/05\/Logo-Quartier-M\u00e9tisseur\/672013259.png\" src=\"data:image\/svg+xml,%3Csvg%20xmlns%3D%22http%3A%2F%2Fwww.w3.org%2F2000%2Fsvg%22%20width%3D%22150%22%20height%3D%22150%22%20viewBox%3D%220%200%20150%20150%22%3E%3C%2Fsvg%3E\" loading=\"eager\"><\/span><span class=\"fg-image-overlay\"><\/span><\/a><figcaption class=\"fg-caption\">\n<div class=\"fg-caption-inner\"><\/div>\n<\/figcaption><\/figure>\n<div class=\"fg-loader\"><\/div>\n<\/div>\n<\/div>\n<p>13 Septembre 2019<\/p>\n<p>Inauguration du r\u00e9fectoire scolaire &#8211; Ch\u00e9nelette<\/p>\n<p>En pr\u00e9sence des \u00e9lus locaux, des \u00e9coliers, des artisans et des habitants.<\/p>\n<style type=\"text\/css\">\n\t#foogallery-gallery-474 .fg-image {\n        width: 150px;\n    }\n<\/style>\n<div class=\"foogallery foogallery-container foogallery-default foogallery-lightbox-foobox fg-gutter-10 fg-center fg-default fg-light fg-border-thin fg-shadow-outline fg-loading-default fg-loaded-fade-in fg-caption-hover fg-hover-fade fg-hover-zoom fg-ready\" id=\"foogallery-gallery-474\" data-foogallery=\"{&quot;item&quot;:{&quot;showCaptionTitle&quot;:true,&quot;showCaptionDescription&quot;:true},&quot;lazy&quot;:true}\" >\n<div class=\"fg-item fg-type-image fg-idle\">\n<figure class=\"fg-item-inner\"><a href=\"https:\/\/www.pilon-architecture.fr\/wp-content\/uploads\/2019\/09\/P1050904.jpg\" data-caption-desc=\"Allocution de Violaine Pilon en pr\u00e9sence de:\nMme Blein, maire de Ch\u00e9nelette;\nM. Castoldi, sous-pr\u00e9fet de Villefranche-sur-Sa\u00f4ne;\nM. Guilloteau, pr\u00e9sident du D\u00e9partement du Rh\u00f4ne;\nM. Verch\u00e8re, d\u00e9put\u00e9 de la 8\u00e8me circonscription du Rh\u00f4ne;\nM. Mercier, Pr\u00e9sident de la COR;\nMme Darphin, conseill\u00e8re d\u00e9partementale;\nM. Fournel, conseiller d\u00e9partemental\" data-attachment-id=\"475\" class=\"fg-thumb\"><span class=\"fg-image-wrap\"><img width=\"150\" height=\"150\" class=\"skip-lazy fg-image\" data-src-fg=\"https:\/\/www.pilon-architecture.fr\/wp-content\/uploads\/cache\/2019\/09\/P1050904\/829030215.jpg\" src=\"data:image\/svg+xml,%3Csvg%20xmlns%3D%22http%3A%2F%2Fwww.w3.org%2F2000%2Fsvg%22%20width%3D%22150%22%20height%3D%22150%22%20viewBox%3D%220%200%20150%20150%22%3E%3C%2Fsvg%3E\" loading=\"eager\"><\/span><span class=\"fg-image-overlay\"><\/span><\/a><figcaption class=\"fg-caption\">\n<div class=\"fg-caption-inner\">\n<div class=\"fg-caption-desc\">Allocution de Violaine Pilon en pr\u00e9sence de:<br \/>\nMme Blein, maire de Ch\u00e9nelette;<br \/>\nM. Castoldi, sous-pr\u00e9fet de Villefranche-sur-Sa\u00f4ne;<br \/>\nM. Guilloteau, pr\u00e9sident du D\u00e9partement du Rh\u00f4ne;<br \/>\nM. Verch\u00e8re, d\u00e9put\u00e9 de la 8\u00e8me circonscription du Rh\u00f4ne;<br \/>\nM. Mercier, Pr\u00e9sident de la COR;<br \/>\nMme Darphin, conseill\u00e8re d\u00e9partementale;<br \/>\nM. Fournel, conseiller d\u00e9partemental<\/div>\n<\/div>\n<\/figcaption><\/figure>\n<div class=\"fg-loader\"><\/div>\n<\/div>\n<div class=\"fg-item fg-type-image fg-idle\">\n<figure class=\"fg-item-inner\"><a href=\"https:\/\/www.pilon-architecture.fr\/wp-content\/uploads\/2019\/09\/P1050949.jpg\" data-attachment-id=\"476\" class=\"fg-thumb\"><span class=\"fg-image-wrap\"><img width=\"150\" height=\"150\" class=\"skip-lazy fg-image\" data-src-fg=\"https:\/\/www.pilon-architecture.fr\/wp-content\/uploads\/cache\/2019\/09\/P1050949\/2932976642.jpg\" src=\"data:image\/svg+xml,%3Csvg%20xmlns%3D%22http%3A%2F%2Fwww.w3.org%2F2000%2Fsvg%22%20width%3D%22150%22%20height%3D%22150%22%20viewBox%3D%220%200%20150%20150%22%3E%3C%2Fsvg%3E\" loading=\"eager\"><\/span><span class=\"fg-image-overlay\"><\/span><\/a><figcaption class=\"fg-caption\">\n<div class=\"fg-caption-inner\"><\/div>\n<\/figcaption><\/figure>\n<div class=\"fg-loader\"><\/div>\n<\/div>\n<div class=\"fg-item fg-type-image fg-idle\">\n<figure class=\"fg-item-inner\"><a href=\"https:\/\/www.pilon-architecture.fr\/wp-content\/uploads\/2019\/09\/P1050955.jpg\" data-attachment-id=\"477\" class=\"fg-thumb\"><span class=\"fg-image-wrap\"><img width=\"150\" height=\"150\" class=\"skip-lazy fg-image\" data-src-fg=\"https:\/\/www.pilon-architecture.fr\/wp-content\/uploads\/cache\/2019\/09\/P1050955\/3644153734.jpg\" src=\"data:image\/svg+xml,%3Csvg%20xmlns%3D%22http%3A%2F%2Fwww.w3.org%2F2000%2Fsvg%22%20width%3D%22150%22%20height%3D%22150%22%20viewBox%3D%220%200%20150%20150%22%3E%3C%2Fsvg%3E\" loading=\"eager\"><\/span><span class=\"fg-image-overlay\"><\/span><\/a><figcaption class=\"fg-caption\">\n<div class=\"fg-caption-inner\"><\/div>\n<\/figcaption><\/figure>\n<div class=\"fg-loader\"><\/div>\n<\/div>\n<\/div>\n<p>21 Juillet 2019<\/p>\n<p>4\u00e8me Festival de l&rsquo;alpage\u00a0en Champsaur-Valgaudemar<\/p>\n<p>A l&rsquo;occasion de l&rsquo;ouverture du <a href=\"http:\/\/static.apidae-tourisme.com\/filestore\/objets-touristiques\/documents\/247\/61\/6241783.pdf\" target=\"_blank\" rel=\"noopener noreferrer\">festival de l&rsquo;alpage<\/a>, exposition comment\u00e9e\u00a0<em>Alpages am\u00e9nag\u00e9s: Isola et Tourond.<\/em><\/p>\n<p>Conception: C\u00e9line Pilon, architecte DE<\/p>\n<style type=\"text\/css\">\n\t#foogallery-gallery-469 .fg-image {\n        width: 150px;\n    }\n<\/style>\n<div class=\"foogallery foogallery-container foogallery-default foogallery-lightbox-foobox fg-gutter-10 fg-center fg-default fg-light fg-border-thin fg-shadow-outline fg-loading-default fg-loaded-fade-in fg-caption-hover fg-hover-fade fg-hover-zoom fg-ready\" id=\"foogallery-gallery-469\" data-foogallery=\"{&quot;item&quot;:{&quot;showCaptionTitle&quot;:true,&quot;showCaptionDescription&quot;:true},&quot;lazy&quot;:true}\" >\n<div class=\"fg-item fg-type-image fg-idle\">\n<figure class=\"fg-item-inner\"><a href=\"https:\/\/www.pilon-architecture.fr\/wp-content\/uploads\/2019\/08\/Logo-Com-Com-Champsaur-Valgaudemar.png\" data-attachment-id=\"472\" class=\"fg-thumb\"><span class=\"fg-image-wrap\"><img width=\"150\" height=\"150\" class=\"skip-lazy fg-image\" data-src-fg=\"https:\/\/www.pilon-architecture.fr\/wp-content\/uploads\/cache\/2019\/08\/Logo-Com-Com-Champsaur-Valgaudemar\/2268231946.png\" src=\"data:image\/svg+xml,%3Csvg%20xmlns%3D%22http%3A%2F%2Fwww.w3.org%2F2000%2Fsvg%22%20width%3D%22150%22%20height%3D%22150%22%20viewBox%3D%220%200%20150%20150%22%3E%3C%2Fsvg%3E\" loading=\"eager\"><\/span><span class=\"fg-image-overlay\"><\/span><\/a><figcaption class=\"fg-caption\">\n<div class=\"fg-caption-inner\"><\/div>\n<\/figcaption><\/figure>\n<div class=\"fg-loader\"><\/div>\n<\/div>\n<div class=\"fg-item fg-type-image fg-idle\">\n<figure class=\"fg-item-inner\"><a href=\"https:\/\/www.pilon-architecture.fr\/wp-content\/uploads\/2019\/08\/Logo-Maison-du-berger.png\" data-attachment-id=\"467\" class=\"fg-thumb\"><span class=\"fg-image-wrap\"><img width=\"150\" height=\"150\" class=\"skip-lazy fg-image\" data-src-fg=\"https:\/\/www.pilon-architecture.fr\/wp-content\/uploads\/cache\/2019\/08\/Logo-Maison-du-berger\/1464491339.png\" src=\"data:image\/svg+xml,%3Csvg%20xmlns%3D%22http%3A%2F%2Fwww.w3.org%2F2000%2Fsvg%22%20width%3D%22150%22%20height%3D%22150%22%20viewBox%3D%220%200%20150%20150%22%3E%3C%2Fsvg%3E\" loading=\"eager\"><\/span><span class=\"fg-image-overlay\"><\/span><\/a><figcaption class=\"fg-caption\">\n<div class=\"fg-caption-inner\"><\/div>\n<\/figcaption><\/figure>\n<div class=\"fg-loader\"><\/div>\n<\/div>\n<\/div>\n<p>Juillet 2018<\/p>\n<p>Chantier en site isol\u00e9 d&rsquo;altitude<\/p>\n<p>Cabane de Rochimont &#8211; Saint-Maurice-en-Valgaudemar<\/p>\n<style type=\"text\/css\">\n\t#foogallery-gallery-438 .fg-image {\n        width: 120px;\n    }\n<\/style>\n<div class=\"foogallery foogallery-container foogallery-default foogallery-lightbox-foobox fg-gutter-10 fg-center fg-default fg-light fg-border-thin fg-shadow-outline fg-loading-default fg-loaded-fade-in fg-caption-hover fg-hover-fade fg-hover-zoom fg-ready\" id=\"foogallery-gallery-438\" data-foogallery=\"{&quot;item&quot;:{&quot;showCaptionTitle&quot;:true,&quot;showCaptionDescription&quot;:true},&quot;lazy&quot;:true}\" >\n<div class=\"fg-item fg-type-image fg-idle\">\n<figure class=\"fg-item-inner\"><a href=\"https:\/\/www.pilon-architecture.fr\/wp-content\/uploads\/2018\/07\/P1020155-1.jpg\" data-attachment-id=\"444\" class=\"fg-thumb\"><span class=\"fg-image-wrap\"><img width=\"120\" height=\"120\" class=\"skip-lazy fg-image\" data-src-fg=\"https:\/\/www.pilon-architecture.fr\/wp-content\/uploads\/cache\/2018\/07\/P1020155-1\/2556825163.jpg\" src=\"data:image\/svg+xml,%3Csvg%20xmlns%3D%22http%3A%2F%2Fwww.w3.org%2F2000%2Fsvg%22%20width%3D%22120%22%20height%3D%22120%22%20viewBox%3D%220%200%20120%20120%22%3E%3C%2Fsvg%3E\" loading=\"eager\"><\/span><span class=\"fg-image-overlay\"><\/span><\/a><figcaption class=\"fg-caption\">\n<div class=\"fg-caption-inner\"><\/div>\n<\/figcaption><\/figure>\n<div class=\"fg-loader\"><\/div>\n<\/div>\n<div class=\"fg-item fg-type-image fg-idle\">\n<figure class=\"fg-item-inner\"><a href=\"https:\/\/www.pilon-architecture.fr\/wp-content\/uploads\/2018\/07\/P1050663.jpg\" data-attachment-id=\"443\" class=\"fg-thumb\"><span class=\"fg-image-wrap\"><img width=\"120\" height=\"120\" class=\"skip-lazy fg-image\" data-src-fg=\"https:\/\/www.pilon-architecture.fr\/wp-content\/uploads\/cache\/2018\/07\/P1050663\/4099151836.jpg\" src=\"data:image\/svg+xml,%3Csvg%20xmlns%3D%22http%3A%2F%2Fwww.w3.org%2F2000%2Fsvg%22%20width%3D%22120%22%20height%3D%22120%22%20viewBox%3D%220%200%20120%20120%22%3E%3C%2Fsvg%3E\" loading=\"eager\"><\/span><span class=\"fg-image-overlay\"><\/span><\/a><figcaption class=\"fg-caption\">\n<div class=\"fg-caption-inner\"><\/div>\n<\/figcaption><\/figure>\n<div class=\"fg-loader\"><\/div>\n<\/div>\n<div class=\"fg-item fg-type-image fg-idle\">\n<figure class=\"fg-item-inner\"><a href=\"https:\/\/www.pilon-architecture.fr\/wp-content\/uploads\/2018\/07\/P1020707.jpg\" data-attachment-id=\"442\" class=\"fg-thumb\"><span class=\"fg-image-wrap\"><img width=\"120\" height=\"120\" class=\"skip-lazy fg-image\" data-src-fg=\"https:\/\/www.pilon-architecture.fr\/wp-content\/uploads\/cache\/2018\/07\/P1020707\/2943226005.jpg\" src=\"data:image\/svg+xml,%3Csvg%20xmlns%3D%22http%3A%2F%2Fwww.w3.org%2F2000%2Fsvg%22%20width%3D%22120%22%20height%3D%22120%22%20viewBox%3D%220%200%20120%20120%22%3E%3C%2Fsvg%3E\" loading=\"eager\"><\/span><span class=\"fg-image-overlay\"><\/span><\/a><figcaption class=\"fg-caption\">\n<div class=\"fg-caption-inner\"><\/div>\n<\/figcaption><\/figure>\n<div class=\"fg-loader\"><\/div>\n<\/div>\n<div class=\"fg-item fg-type-image fg-idle\">\n<figure class=\"fg-item-inner\"><a href=\"https:\/\/www.pilon-architecture.fr\/wp-content\/uploads\/2018\/07\/P1020614.jpg\" data-attachment-id=\"440\" class=\"fg-thumb\"><span class=\"fg-image-wrap\"><img width=\"120\" height=\"120\" class=\"skip-lazy fg-image\" data-src-fg=\"https:\/\/www.pilon-architecture.fr\/wp-content\/uploads\/cache\/2018\/07\/P1020614\/3074002203.jpg\" src=\"data:image\/svg+xml,%3Csvg%20xmlns%3D%22http%3A%2F%2Fwww.w3.org%2F2000%2Fsvg%22%20width%3D%22120%22%20height%3D%22120%22%20viewBox%3D%220%200%20120%20120%22%3E%3C%2Fsvg%3E\" loading=\"eager\"><\/span><span class=\"fg-image-overlay\"><\/span><\/a><figcaption class=\"fg-caption\">\n<div class=\"fg-caption-inner\"><\/div>\n<\/figcaption><\/figure>\n<div class=\"fg-loader\"><\/div>\n<\/div>\n<\/div>\n<p>Juin 2018<\/p>\n<p>Journ\u00e9es du Patrimoine de Pays et des Moulins &#8211; Marchampt\/Quinci\u00e9-en-Beaujolais &#8211; Dimanche 17 juin 2018<\/p>\n<p>Arpenter les hauteurs de Marchampt, Quinci\u00e9-en-Beaujolais et du Perr\u00e9on, r\u00e9investies par le troupeau de brebis nomade, gard\u00e9 par son berger. Au cours de\u00a0la d\u00e9ambulation \u00e0 travers landes et sous-bois, des haltes invitaient \u00e0 une d\u00e9couverte sensible et interpr\u00e9tative des paysages et du troupeau.<\/p>\n<p>Organisation: C\u00e9line Pilon, architecte DE<\/p>\n<style type=\"text\/css\">\n\t#foogallery-gallery-398 .fg-image {\n        width: 120px;\n    }\n<\/style>\n<div class=\"foogallery foogallery-container foogallery-default foogallery-lightbox-foobox fg-gutter-10 fg-center fg-default fg-light fg-border-thin fg-shadow-outline fg-loading-default fg-loaded-fade-in fg-caption-hover fg-hover-fade fg-hover-zoom fg-ready\" id=\"foogallery-gallery-398\" data-foogallery=\"{&quot;item&quot;:{&quot;showCaptionTitle&quot;:true,&quot;showCaptionDescription&quot;:true},&quot;lazy&quot;:true}\" >\n<div class=\"fg-item fg-type-image fg-idle\">\n<figure class=\"fg-item-inner\"><a href=\"https:\/\/www.pilon-architecture.fr\/wp-content\/uploads\/2018\/05\/P1010263.jpg\" data-attachment-id=\"401\" class=\"fg-thumb\"><span class=\"fg-image-wrap\"><img width=\"120\" height=\"120\" class=\"skip-lazy fg-image\" data-src-fg=\"https:\/\/www.pilon-architecture.fr\/wp-content\/uploads\/cache\/2018\/05\/P1010263\/561944417.jpg\" src=\"data:image\/svg+xml,%3Csvg%20xmlns%3D%22http%3A%2F%2Fwww.w3.org%2F2000%2Fsvg%22%20width%3D%22120%22%20height%3D%22120%22%20viewBox%3D%220%200%20120%20120%22%3E%3C%2Fsvg%3E\" loading=\"eager\"><\/span><span class=\"fg-image-overlay\"><\/span><\/a><figcaption class=\"fg-caption\">\n<div class=\"fg-caption-inner\"><\/div>\n<\/figcaption><\/figure>\n<div class=\"fg-loader\"><\/div>\n<\/div>\n<div class=\"fg-item fg-type-image fg-idle\">\n<figure class=\"fg-item-inner\"><a href=\"https:\/\/www.pilon-architecture.fr\/wp-content\/uploads\/2018\/06\/P1010860.jpg\" data-attachment-id=\"432\" class=\"fg-thumb\"><span class=\"fg-image-wrap\"><img width=\"120\" height=\"120\" class=\"skip-lazy fg-image\" data-src-fg=\"https:\/\/www.pilon-architecture.fr\/wp-content\/uploads\/cache\/2018\/06\/P1010860\/1284834870.jpg\" src=\"data:image\/svg+xml,%3Csvg%20xmlns%3D%22http%3A%2F%2Fwww.w3.org%2F2000%2Fsvg%22%20width%3D%22120%22%20height%3D%22120%22%20viewBox%3D%220%200%20120%20120%22%3E%3C%2Fsvg%3E\" loading=\"eager\"><\/span><span class=\"fg-image-overlay\"><\/span><\/a><figcaption class=\"fg-caption\">\n<div class=\"fg-caption-inner\"><\/div>\n<\/figcaption><\/figure>\n<div class=\"fg-loader\"><\/div>\n<\/div>\n<div class=\"fg-item fg-type-image fg-idle\">\n<figure class=\"fg-item-inner\"><a href=\"https:\/\/www.pilon-architecture.fr\/wp-content\/uploads\/2018\/06\/P1010998.jpg\" data-attachment-id=\"431\" class=\"fg-thumb\"><span class=\"fg-image-wrap\"><img width=\"120\" height=\"120\" class=\"skip-lazy fg-image\" data-src-fg=\"https:\/\/www.pilon-architecture.fr\/wp-content\/uploads\/cache\/2018\/06\/P1010998\/4133138164.jpg\" src=\"data:image\/svg+xml,%3Csvg%20xmlns%3D%22http%3A%2F%2Fwww.w3.org%2F2000%2Fsvg%22%20width%3D%22120%22%20height%3D%22120%22%20viewBox%3D%220%200%20120%20120%22%3E%3C%2Fsvg%3E\" loading=\"eager\"><\/span><span class=\"fg-image-overlay\"><\/span><\/a><figcaption class=\"fg-caption\">\n<div class=\"fg-caption-inner\"><\/div>\n<\/figcaption><\/figure>\n<div class=\"fg-loader\"><\/div>\n<\/div>\n<div class=\"fg-item fg-type-image fg-idle\">\n<figure class=\"fg-item-inner\"><a href=\"https:\/\/www.pilon-architecture.fr\/wp-content\/uploads\/2018\/11\/P17-Partenaires-A-JOUR.jpg\" data-attachment-id=\"452\" class=\"fg-thumb\"><span class=\"fg-image-wrap\"><img width=\"120\" height=\"120\" class=\"skip-lazy fg-image\" data-src-fg=\"https:\/\/www.pilon-architecture.fr\/wp-content\/uploads\/cache\/2018\/11\/P17-Partenaires-A-JOUR\/324922064.jpg\" src=\"data:image\/svg+xml,%3Csvg%20xmlns%3D%22http%3A%2F%2Fwww.w3.org%2F2000%2Fsvg%22%20width%3D%22120%22%20height%3D%22120%22%20viewBox%3D%220%200%20120%20120%22%3E%3C%2Fsvg%3E\" loading=\"eager\"><\/span><span class=\"fg-image-overlay\"><\/span><\/a><figcaption class=\"fg-caption\">\n<div class=\"fg-caption-inner\"><\/div>\n<\/figcaption><\/figure>\n<div class=\"fg-loader\"><\/div>\n<\/div>\n<\/div>\n<p>Septembre 2017<\/p>\n<p>Pr\u00e9sentation du projet de la cabane de C\u00f4te-Belle dans le cadre des Journ\u00e9es Europ\u00e9ennes du Patrimoine 2017 <em>Alpage et pastoralisme en Valjouffrey<\/em> \u00e0 Valjouffrey<\/p>\n<style type=\"text\/css\">\n\t#foogallery-gallery-387 .fg-image {\n        width: 120px;\n    }\n<\/style>\n<div class=\"foogallery foogallery-container foogallery-default foogallery-lightbox-foobox fg-gutter-10 fg-center fg-default fg-light fg-border-thin fg-shadow-outline fg-loading-default fg-loaded-fade-in fg-caption-hover fg-hover-fade fg-hover-zoom fg-ready\" id=\"foogallery-gallery-387\" data-foogallery=\"{&quot;item&quot;:{&quot;showCaptionTitle&quot;:false,&quot;showCaptionDescription&quot;:true},&quot;lazy&quot;:true}\" >\n<div class=\"fg-item fg-type-image fg-idle\">\n<figure class=\"fg-item-inner\"><a href=\"https:\/\/www.pilon-architecture.fr\/wp-content\/uploads\/2017\/09\/PILON-Architecture-Pr\u00e9sentation.jpg\" data-attachment-id=\"335\" class=\"fg-thumb\"><span class=\"fg-image-wrap\"><img width=\"120\" height=\"120\" class=\"skip-lazy fg-image\" data-src-fg=\"https:\/\/www.pilon-architecture.fr\/wp-content\/uploads\/cache\/2017\/09\/PILON-Architecture-Pr\u00e9sentation\/3120363650.jpg\" src=\"data:image\/svg+xml,%3Csvg%20xmlns%3D%22http%3A%2F%2Fwww.w3.org%2F2000%2Fsvg%22%20width%3D%22120%22%20height%3D%22120%22%20viewBox%3D%220%200%20120%20120%22%3E%3C%2Fsvg%3E\" loading=\"eager\"><\/span><span class=\"fg-image-overlay\"><\/span><\/a><figcaption class=\"fg-caption\">\n<div class=\"fg-caption-inner\"><\/div>\n<\/figcaption><\/figure>\n<div class=\"fg-loader\"><\/div>\n<\/div>\n<div class=\"fg-item fg-type-image fg-idle\">\n<figure class=\"fg-item-inner\"><a href=\"https:\/\/www.pilon-architecture.fr\/wp-content\/uploads\/2017\/09\/PILON-Architecture-Maquette-de-site.jpg\" data-attachment-id=\"357\" class=\"fg-thumb\"><span class=\"fg-image-wrap\"><img width=\"120\" height=\"120\" class=\"skip-lazy fg-image\" data-src-fg=\"https:\/\/www.pilon-architecture.fr\/wp-content\/uploads\/cache\/2017\/09\/PILON-Architecture-Maquette-de-site\/4180694284.jpg\" src=\"data:image\/svg+xml,%3Csvg%20xmlns%3D%22http%3A%2F%2Fwww.w3.org%2F2000%2Fsvg%22%20width%3D%22120%22%20height%3D%22120%22%20viewBox%3D%220%200%20120%20120%22%3E%3C%2Fsvg%3E\" loading=\"eager\"><\/span><span class=\"fg-image-overlay\"><\/span><\/a><figcaption class=\"fg-caption\">\n<div class=\"fg-caption-inner\"><\/div>\n<\/figcaption><\/figure>\n<div class=\"fg-loader\"><\/div>\n<\/div>\n<div class=\"fg-item fg-type-image fg-idle\">\n<figure class=\"fg-item-inner\"><a href=\"https:\/\/www.pilon-architecture.fr\/wp-content\/uploads\/2017\/09\/PILON-Architecture-Alpage.jpg\" data-attachment-id=\"358\" class=\"fg-thumb\"><span class=\"fg-image-wrap\"><img width=\"120\" height=\"120\" class=\"skip-lazy fg-image\" data-src-fg=\"https:\/\/www.pilon-architecture.fr\/wp-content\/uploads\/cache\/2017\/09\/PILON-Architecture-Alpage\/2369563861.jpg\" src=\"data:image\/svg+xml,%3Csvg%20xmlns%3D%22http%3A%2F%2Fwww.w3.org%2F2000%2Fsvg%22%20width%3D%22120%22%20height%3D%22120%22%20viewBox%3D%220%200%20120%20120%22%3E%3C%2Fsvg%3E\" loading=\"eager\"><\/span><span class=\"fg-image-overlay\"><\/span><\/a><figcaption class=\"fg-caption\">\n<div class=\"fg-caption-inner\"><\/div>\n<\/figcaption><\/figure>\n<div class=\"fg-loader\"><\/div>\n<\/div>\n<div class=\"fg-item fg-type-image fg-idle\">\n<figure class=\"fg-item-inner\"><a href=\"https:\/\/www.pilon-architecture.fr\/wp-content\/uploads\/2017\/09\/PILON-Architecture-Implantation.jpg\" data-attachment-id=\"359\" class=\"fg-thumb\"><span class=\"fg-image-wrap\"><img width=\"120\" height=\"120\" class=\"skip-lazy fg-image\" data-src-fg=\"https:\/\/www.pilon-architecture.fr\/wp-content\/uploads\/cache\/2017\/09\/PILON-Architecture-Implantation\/3077480285.jpg\" src=\"data:image\/svg+xml,%3Csvg%20xmlns%3D%22http%3A%2F%2Fwww.w3.org%2F2000%2Fsvg%22%20width%3D%22120%22%20height%3D%22120%22%20viewBox%3D%220%200%20120%20120%22%3E%3C%2Fsvg%3E\" loading=\"eager\"><\/span><span class=\"fg-image-overlay\"><\/span><\/a><figcaption class=\"fg-caption\">\n<div class=\"fg-caption-inner\"><\/div>\n<\/figcaption><\/figure>\n<div class=\"fg-loader\"><\/div>\n<\/div>\n<\/div>\n<\/div>\n","protected":false},"excerpt":{"rendered":"<p>Janvier 2026 Prochainement, pose de l&rsquo;\u00e9pi du pigeonnier du Sauzey Septembre 2025 Inauguration de l&rsquo;\u00e9picerie communale de Ch\u00e9nelette et de deux logements Septembre 2024 Inauguration des logements cr\u00e9\u00e9s dans l&rsquo;ancienne Maison d&rsquo;Asile de Maison-Dieu \u00e0 Losne Ao\u00fbt 2023 Chantier en site isol\u00e9 d&rsquo;altitude Cabane\u00a0de\u00a0Vallonpierre &#8211; La-Chapelle-en-Valgaudemar Juin\u00a02023 Chantier en site isol\u00e9 d&rsquo;altitude Cabane\u00a0des Clots &#8211;\u00a0Freissini\u00e8res [&hellip;]<\/p>\n","protected":false},"author":1,"featured_media":0,"comment_status":"closed","ping_status":"closed","sticky":false,"template":"","format":"standard","meta":{"footnotes":""},"categories":[1],"tags":[],"_links":{"self":[{"href":"https:\/\/www.pilon-architecture.fr\/index.php?rest_route=\/wp\/v2\/posts\/329"}],"collection":[{"href":"https:\/\/www.pilon-architecture.fr\/index.php?rest_route=\/wp\/v2\/posts"}],"about":[{"href":"https:\/\/www.pilon-architecture.fr\/index.php?rest_route=\/wp\/v2\/types\/post"}],"author":[{"embeddable":true,"href":"https:\/\/www.pilon-architecture.fr\/index.php?rest_route=\/wp\/v2\/users\/1"}],"replies":[{"embeddable":true,"href":"https:\/\/www.pilon-architecture.fr\/index.php?rest_route=%2Fwp%2Fv2%2Fcomments&post=329"}],"version-history":[{"count":83,"href":"https:\/\/www.pilon-architecture.fr\/index.php?rest_route=\/wp\/v2\/posts\/329\/revisions"}],"predecessor-version":[{"id":568,"href":"https:\/\/www.pilon-architecture.fr\/index.php?rest_route=\/wp\/v2\/posts\/329\/revisions\/568"}],"wp:attachment":[{"href":"https:\/\/www.pilon-architecture.fr\/index.php?rest_route=%2Fwp%2Fv2%2Fmedia&parent=329"}],"wp:term":[{"taxonomy":"category","embeddable":true,"href":"https:\/\/www.pilon-architecture.fr\/index.php?rest_route=%2Fwp%2Fv2%2Fcategories&post=329"},{"taxonomy":"post_tag","embeddable":true,"href":"https:\/\/www.pilon-architecture.fr\/index.php?rest_route=%2Fwp%2Fv2%2Ftags&post=329"}],"curies":[{"name":"wp","href":"https:\/\/api.w.org\/{rel}","templated":true}]}}