{"id":301,"date":"2017-09-21T19:28:08","date_gmt":"2017-09-21T18:28:08","guid":{"rendered":"http:\/\/www.pilon-architecture.fr\/?p=301"},"modified":"2022-09-15T11:23:21","modified_gmt":"2022-09-15T10:23:21","slug":"projets-en-cours","status":"publish","type":"post","link":"https:\/\/www.pilon-architecture.fr\/?p=301","title":{"rendered":"Projets"},"content":{"rendered":"<div style=\"background-repeat: no-repeat;background-color: #FFFFFF;\">&#8211; Cr\u00e9ation de la maison m\u00e9dicale de Chambost-Alli\u00e8res, vall\u00e9e d&rsquo;Azergues<\/p>\n<p>&#8211; R\u00e9novation int\u00e9rieure de l&rsquo;\u00e9glise de la Nativit\u00e9 Saint-Jean Baptiste, Marchampt<\/p>\n<p>&#8211; Cr\u00e9ation d&rsquo;une micro-cr\u00e8che \u00e0 Claveisolles, vall\u00e9e d&rsquo;Azergues<\/p>\n<p>&#8211; Requalification du Ch\u00e2teau de Saint-Julien \u00e0 St-Mamert<\/p>\n<p>&#8211; Am\u00e9nagement d&rsquo;un g\u00eete dans une d\u00e9pendance viticole, Beaujolais viticole<\/p>\n<p>&#8211; Extension de l&rsquo;\u00e9picerie communale en c\u0153ur de village, Quinci\u00e9-en-beaujolais<\/p>\n<p>&#8211; Equipement communal pour associations pour la commune de Saint-Lager, Beaujolais des Crus<\/p>\n<p>&#8211; Cr\u00e9ation de la cantine scolaire, mise en accessibilit\u00e9 et restructuration int\u00e9rieure de la mairie, commune de Chenelette, Beaujolais Vert<\/p>\n<p>&#8211; Cabane pastorale du Lauzon sur l&rsquo;alpage du Gioberney, \u00e0 La-Chapelle-en-Valgaudemar, au c\u0153ur du Parc National des Ecrins<\/p>\n<p>&#8211; Construction de la cabane d&rsquo;alpage de\u00a0Rochimont, Saint-Maurice-en-Valgaudemar<\/p>\n<p>&#8211; Etude de requalification des espaces publics du centre-village de Chambost-Alli\u00e8res, vall\u00e9e d&rsquo;Azergues<\/p>\n<p>&#8211; Sauvegarde et valorisation d&rsquo;une ancienne bergerie sur le Causse de Gramat, au c\u0153ur du Parc Naturel R\u00e9gional des Causses du Quercy<\/p>\n<p>&#8211; Cabane d&rsquo;alpage pour la commune de Saint Maurice en Valgaudemar, massif des Ecrins<\/p>\n<p>&#8211; R\u00e9novation d&rsquo;une maison bourgeoise en hameau, Plaine de la Sa\u00f4ne<\/p>\n<p>&#8211; Installation d&rsquo;\u00e9quipements pastoraux (cabanes d&rsquo;alpage) pour la commune de Champol\u00e9on, massif des Ecrins<\/p>\n<p>&#8211; Mise en conformit\u00e9 et am\u00e9lioration thermique d&rsquo;un ancien sarto \u00e0 l&rsquo;adret, Vall\u00e9e de Tarentaise<\/p>\n<p>&#8211; R\u00e9unification d&rsquo;appartements en centre-bourg, Pays charolais brionnais<\/p>\n<p>&#8211; Cr\u00e9ation d&rsquo;une aire couverte pour parc automobiles en entr\u00e9e de village, Beaujolais<\/p>\n<p>&#8211; R\u00e9novation d&rsquo;une maison bourgeoise en coteaux, Beaujolais<\/p>\n<p>&#8211; R\u00e9habilitation d&rsquo;une ancienne ferme en centre-village, Beaujolais Vert<\/p>\n<p>&#8211; R\u00e9habilitation d&rsquo;une maison vigneronne en c\u0153ur de village, Beaujolais des Crus<\/p>\n<p>&#8211; Requalification d&rsquo;une maison ancienne en zone agricole, Beaujolais des Crus<\/p>\n<p>&#8211; R\u00e9habilitation d&rsquo;un ancien\u00a0corps de ferme isol\u00e9 dans les Monts du Lyonnais<\/p>\n<p>&#8211; Requalification et valorisation d&rsquo;un domaine viticole et ses d\u00e9pendances en lieu d&rsquo;accueil touristique avec maintien du cuvage en activit\u00e9, Beaujolais des Crus<\/p><\/div>\n","protected":false},"excerpt":{"rendered":"<p>&#8211; Cr\u00e9ation de la maison m\u00e9dicale de Chambost-Alli\u00e8res, vall\u00e9e d&rsquo;Azergues &#8211; R\u00e9novation int\u00e9rieure de l&rsquo;\u00e9glise de la Nativit\u00e9 Saint-Jean Baptiste, Marchampt &#8211; Cr\u00e9ation d&rsquo;une micro-cr\u00e8che \u00e0 Claveisolles, vall\u00e9e d&rsquo;Azergues &#8211; Requalification du Ch\u00e2teau de Saint-Julien \u00e0 St-Mamert &#8211; Am\u00e9nagement d&rsquo;un g\u00eete dans une d\u00e9pendance viticole, Beaujolais viticole &#8211; Extension de l&rsquo;\u00e9picerie communale en c\u0153ur de [&hellip;]<\/p>\n","protected":false},"author":1,"featured_media":0,"comment_status":"closed","ping_status":"closed","sticky":false,"template":"","format":"standard","meta":{"footnotes":""},"categories":[1],"tags":[],"_links":{"self":[{"href":"https:\/\/www.pilon-architecture.fr\/index.php?rest_route=\/wp\/v2\/posts\/301"}],"collection":[{"href":"https:\/\/www.pilon-architecture.fr\/index.php?rest_route=\/wp\/v2\/posts"}],"about":[{"href":"https:\/\/www.pilon-architecture.fr\/index.php?rest_route=\/wp\/v2\/types\/post"}],"author":[{"embeddable":true,"href":"https:\/\/www.pilon-architecture.fr\/index.php?rest_route=\/wp\/v2\/users\/1"}],"replies":[{"embeddable":true,"href":"https:\/\/www.pilon-architecture.fr\/index.php?rest_route=%2Fwp%2Fv2%2Fcomments&post=301"}],"version-history":[{"count":16,"href":"https:\/\/www.pilon-architecture.fr\/index.php?rest_route=\/wp\/v2\/posts\/301\/revisions"}],"predecessor-version":[{"id":486,"href":"https:\/\/www.pilon-architecture.fr\/index.php?rest_route=\/wp\/v2\/posts\/301\/revisions\/486"}],"wp:attachment":[{"href":"https:\/\/www.pilon-architecture.fr\/index.php?rest_route=%2Fwp%2Fv2%2Fmedia&parent=301"}],"wp:term":[{"taxonomy":"category","embeddable":true,"href":"https:\/\/www.pilon-architecture.fr\/index.php?rest_route=%2Fwp%2Fv2%2Fcategories&post=301"},{"taxonomy":"post_tag","embeddable":true,"href":"https:\/\/www.pilon-architecture.fr\/index.php?rest_route=%2Fwp%2Fv2%2Ftags&post=301"}],"curies":[{"name":"wp","href":"https:\/\/api.w.org\/{rel}","templated":true}]}}